{"id":218,"date":"2020-03-18T23:08:00","date_gmt":"2020-03-18T22:08:00","guid":{"rendered":"http:\/\/nordlichtblog.de\/?p=218"},"modified":"2020-09-13T22:39:52","modified_gmt":"2020-09-13T20:39:52","slug":"218","status":"publish","type":"post","link":"https:\/\/nordlichtblog.de\/?p=218","title":{"rendered":"Inklusion"},"content":{"rendered":"\n<p class=\"has-text-color\" style=\"color:#070808\">Mittlerweile arbeite ich seit 10 Jahren in unterschiedlichen Bereichen mit und f\u00fcr Menschen mit Behinderungen. Ich habe Menschen mit Behinderung in der Schule und bei der Arbeit in der Werkstatt begleitet, ich bin mit ihnen in den Urlaub gefahren, zwischendurch habe ich Konzepte f\u00fcr Werkst\u00e4tten geschrieben und jetzt unterst\u00fctze ich Menschen mit Behinderungen bei allem, was im Alltag so anf\u00e4llt. In all diesen Jahren war das Thema Inklusion mein st\u00e4ndiger Begleiter. In den Medien wird Inklusion haupts\u00e4chlich im Zusammenhang mit Schule diskutiert. W\u00e4hrend Inklusion im Schulbereich mehr oder weniger gut funktioniert, gibt es im Alltag der erwachsenen Menschen mit Behinderung noch eine Menge zu tun. Mit dem neuen Bundesteilhabegesetz (BTHG) soll ein weiterer Schritt in Richtung Inklusion geschaffen werden. Menschen mit Behinderungen k\u00f6nnen in vielen Bereichen mehr selbst bestimmen und ihr Leben mehr nach ihren eigenen Vorlieben und W\u00fcnschen gestalten. Klingt gut, aber in der Umsetzung hakt es noch an vielen Stellen und ich muss immer wieder mitkommen um zu helfen: Helfen zu verstehen, helfen zu akzeptieren, helfen zu handeln. Denn Inklusion ist nicht nur ein gemeinsamer Unterricht f\u00fcr alle. Inklusion ist auch nicht der Bau von Rolli-Rampen oder die Ausrichtung von gut gemeinten Veranstaltungen f\u00fcr Menschen mit und ohne Behinderung. Inklusion ist die vollst\u00e4ndige Teilhabe von Menschen mit Behinderung am Leben in der Gesellschaft. Dies erfordert eine Anpassung der Gesellschaft an die Bed\u00fcrfnisse und Schwierigkeiten von Menschen mit Behinderung und den damit verbundenen Abbau von Barrieren.<br>In diesem Blog m\u00f6chte ich mit kleinen Anekdoten aus meinem Arbeitsalltag mit Menschen mit Behinderungen berichten und damit einen kleinen Beitrag zum Verst\u00e4ndnis von Menschen mit Behinderungen und dem leichteren Umgang mit ihnen leisten. <br>Um den Datenschutz zu gew\u00e4hrleisten und die Privatsph\u00e4re der betroffenen Menschen zu sch\u00fctzen, sind die Namen pseudonymisiert. Die Erlebnisse unterschiedlicher Leute werden alle als Erlebnisse von Paul und Anna beschrieben. Paul und Anna gibt es aber in dieser Form nicht. Stadtteile und weitere Namen sind nicht benannt. Die erz\u00e4hlten Geschichten k\u00f6nnten \u00fcberall spielen. <\/p>\n","protected":false},"excerpt":{"rendered":"<p>Mittlerweile arbeite ich seit 10 Jahren in unterschiedlichen Bereichen mit und f\u00fcr Menschen mit Behinderungen. Ich habe Menschen mit Behinderung in der Schule und bei der Arbeit in der Werkstatt begleitet, ich bin mit ihnen in den Urlaub gefahren, zwischendurch habe ich Konzepte f\u00fcr Werkst\u00e4tten geschrieben und jetzt unterst\u00fctze ich Menschen mit Behinderungen bei allem,&hellip;<\/p>\n","protected":false},"author":1,"featured_media":0,"comment_status":"closed","ping_status":"closed","sticky":false,"template":"","format":"standard","meta":{"ngg_post_thumbnail":0,"footnotes":""},"categories":[6],"tags":[14,13,16,15],"class_list":["post-218","post","type-post","status-publish","format-standard","hentry","category-inklusion","tag-bthg","tag-inklusion","tag-menschen-mit-behinderung","tag-soziale-arbeit"],"_links":{"self":[{"href":"https:\/\/nordlichtblog.de\/index.php?rest_route=\/wp\/v2\/posts\/218","targetHints":{"allow":["GET"]}}],"collection":[{"href":"https:\/\/nordlichtblog.de\/index.php?rest_route=\/wp\/v2\/posts"}],"about":[{"href":"https:\/\/nordlichtblog.de\/index.php?rest_route=\/wp\/v2\/types\/post"}],"author":[{"embeddable":true,"href":"https:\/\/nordlichtblog.de\/index.php?rest_route=\/wp\/v2\/users\/1"}],"replies":[{"embeddable":true,"href":"https:\/\/nordlichtblog.de\/index.php?rest_route=%2Fwp%2Fv2%2Fcomments&post=218"}],"version-history":[{"count":5,"href":"https:\/\/nordlichtblog.de\/index.php?rest_route=\/wp\/v2\/posts\/218\/revisions"}],"predecessor-version":[{"id":1516,"href":"https:\/\/nordlichtblog.de\/index.php?rest_route=\/wp\/v2\/posts\/218\/revisions\/1516"}],"wp:attachment":[{"href":"https:\/\/nordlichtblog.de\/index.php?rest_route=%2Fwp%2Fv2%2Fmedia&parent=218"}],"wp:term":[{"taxonomy":"category","embeddable":true,"href":"https:\/\/nordlichtblog.de\/index.php?rest_route=%2Fwp%2Fv2%2Fcategories&post=218"},{"taxonomy":"post_tag","embeddable":true,"href":"https:\/\/nordlichtblog.de\/index.php?rest_route=%2Fwp%2Fv2%2Ftags&post=218"}],"curies":[{"name":"wp","href":"https:\/\/api.w.org\/{rel}","templated":true}]}}